{"id":1,"name":"admin","url":"","description":"","link":"https:\/\/www.elcaminodekunig.com\/de\/author\/admin\/","slug":"admin","avatar_urls":{"24":"https:\/\/secure.gravatar.com\/avatar\/c73f10df0ab040f18cbbfafc259b26c0f4519512834e9c4ffb48a68c0ea4113c?s=24&d=mm&r=g","48":"https:\/\/secure.gravatar.com\/avatar\/c73f10df0ab040f18cbbfafc259b26c0f4519512834e9c4ffb48a68c0ea4113c?s=48&d=mm&r=g","96":"https:\/\/secure.gravatar.com\/avatar\/c73f10df0ab040f18cbbfafc259b26c0f4519512834e9c4ffb48a68c0ea4113c?s=96&d=mm&r=g"},"meta":[],"yoast_head":"<!-- This site is optimized with the Yoast SEO plugin v25.7 - https:\/\/yoast.com\/wordpress\/plugins\/seo\/ -->\n<title>admin, autor en El camino de K\u00fcnig<\/title>\n<meta name=\"robots\" content=\"index, follow, max-snippet:-1, max-image-preview:large, max-video-preview:-1\" \/>\n<link rel=\"canonical\" href=\"https:\/\/www.elcaminodekunig.com\/author\/admin\/\" \/>\n<meta property=\"og:locale\" content=\"de_DE\" \/>\n<meta property=\"og:type\" content=\"profile\" \/>\n<meta property=\"og:title\" content=\"admin, autor en El camino de K\u00fcnig\" \/>\n<meta property=\"og:url\" content=\"https:\/\/www.elcaminodekunig.com\/author\/admin\/\" \/>\n<meta property=\"og:site_name\" content=\"El camino de K\u00fcnig\" \/>\n<meta property=\"og:image\" content=\"https:\/\/secure.gravatar.com\/avatar\/15b5429da713cb90b632d597231bcd14?s=500&d=mm&r=g\" \/>\n<meta name=\"twitter:card\" content=\"summary_large_image\" \/>\n<script type=\"application\/ld+json\" class=\"yoast-schema-graph\">{\"@context\":\"https:\/\/schema.org\",\"@graph\":[{\"@type\":\"ProfilePage\",\"@id\":\"https:\/\/www.elcaminodekunig.com\/author\/admin\/\",\"url\":\"https:\/\/www.elcaminodekunig.com\/author\/admin\/\",\"name\":\"admin, autor en El camino de K\u00fcnig\",\"isPartOf\":{\"@id\":\"https:\/\/www.elcaminodekunig.com\/#website\"},\"breadcrumb\":{\"@id\":\"https:\/\/www.elcaminodekunig.com\/author\/admin\/#breadcrumb\"},\"inLanguage\":\"de\",\"potentialAction\":[{\"@type\":\"ReadAction\",\"target\":[\"https:\/\/www.elcaminodekunig.com\/author\/admin\/\"]}]},{\"@type\":\"BreadcrumbList\",\"@id\":\"https:\/\/www.elcaminodekunig.com\/author\/admin\/#breadcrumb\",\"itemListElement\":[{\"@type\":\"ListItem\",\"position\":1,\"name\":\"Portada\",\"item\":\"https:\/\/www.elcaminodekunig.com\/de\/\"},{\"@type\":\"ListItem\",\"position\":2,\"name\":\"Archivo de admin\"}]},{\"@type\":\"WebSite\",\"@id\":\"https:\/\/www.elcaminodekunig.com\/#website\",\"url\":\"https:\/\/www.elcaminodekunig.com\/\",\"name\":\"El camino de K\u00fcnig\",\"description\":\"En el tramo final del siglo XV, un monje de nombre Hermann K\u00fcnig, perteneciente al convento que la orden de los Siervos de Mar\u00eda ten\u00eda en Vach (Vacha), en el actual estado alem\u00e1n de Turingia, decidi\u00f3 peregrinar al extremo noroccidental de Espa\u00f1a, para visitar la tumba del ap\u00f3stol Santiago.\",\"potentialAction\":[{\"@type\":\"SearchAction\",\"target\":{\"@type\":\"EntryPoint\",\"urlTemplate\":\"https:\/\/www.elcaminodekunig.com\/?s={search_term_string}\"},\"query-input\":{\"@type\":\"PropertyValueSpecification\",\"valueRequired\":true,\"valueName\":\"search_term_string\"}}],\"inLanguage\":\"de\"},{\"@type\":\"Person\",\"@id\":\"https:\/\/www.elcaminodekunig.com\/#\/schema\/person\/010f5d1bd04225a5ac58a7edba5834a3\",\"name\":\"admin\",\"image\":{\"@type\":\"ImageObject\",\"inLanguage\":\"de\",\"@id\":\"https:\/\/www.elcaminodekunig.com\/#\/schema\/person\/image\/\",\"url\":\"https:\/\/secure.gravatar.com\/avatar\/c73f10df0ab040f18cbbfafc259b26c0f4519512834e9c4ffb48a68c0ea4113c?s=96&d=mm&r=g\",\"contentUrl\":\"https:\/\/secure.gravatar.com\/avatar\/c73f10df0ab040f18cbbfafc259b26c0f4519512834e9c4ffb48a68c0ea4113c?s=96&d=mm&r=g\",\"caption\":\"admin\"},\"mainEntityOfPage\":{\"@id\":\"https:\/\/www.elcaminodekunig.com\/author\/admin\/\"}}]}<\/script>\n<!-- \/ Yoast SEO plugin. -->","yoast_head_json":{"title":"admin, autor en El camino de K\u00fcnig","robots":{"index":"index","follow":"follow","max-snippet":"max-snippet:-1","max-image-preview":"max-image-preview:large","max-video-preview":"max-video-preview:-1"},"canonical":"https:\/\/www.elcaminodekunig.com\/author\/admin\/","og_locale":"de_DE","og_type":"profile","og_title":"admin, autor en El camino de K\u00fcnig","og_url":"https:\/\/www.elcaminodekunig.com\/author\/admin\/","og_site_name":"El camino de K\u00fcnig","og_image":[{"url":"https:\/\/secure.gravatar.com\/avatar\/15b5429da713cb90b632d597231bcd14?s=500&d=mm&r=g","type":"","width":"","height":""}],"twitter_card":"summary_large_image","schema":{"@context":"https:\/\/schema.org","@graph":[{"@type":"ProfilePage","@id":"https:\/\/www.elcaminodekunig.com\/author\/admin\/","url":"https:\/\/www.elcaminodekunig.com\/author\/admin\/","name":"admin, autor en El camino de K\u00fcnig","isPartOf":{"@id":"https:\/\/www.elcaminodekunig.com\/#website"},"breadcrumb":{"@id":"https:\/\/www.elcaminodekunig.com\/author\/admin\/#breadcrumb"},"inLanguage":"de","potentialAction":[{"@type":"ReadAction","target":["https:\/\/www.elcaminodekunig.com\/author\/admin\/"]}]},{"@type":"BreadcrumbList","@id":"https:\/\/www.elcaminodekunig.com\/author\/admin\/#breadcrumb","itemListElement":[{"@type":"ListItem","position":1,"name":"Portada","item":"https:\/\/www.elcaminodekunig.com\/de\/"},{"@type":"ListItem","position":2,"name":"Archivo de admin"}]},{"@type":"WebSite","@id":"https:\/\/www.elcaminodekunig.com\/#website","url":"https:\/\/www.elcaminodekunig.com\/","name":"El camino de K\u00fcnig","description":"En el tramo final del siglo XV, un monje de nombre Hermann K\u00fcnig, perteneciente al convento que la orden de los Siervos de Mar\u00eda ten\u00eda en Vach (Vacha), en el actual estado alem\u00e1n de Turingia, decidi\u00f3 peregrinar al extremo noroccidental de Espa\u00f1a, para visitar la tumba del ap\u00f3stol Santiago.","potentialAction":[{"@type":"SearchAction","target":{"@type":"EntryPoint","urlTemplate":"https:\/\/www.elcaminodekunig.com\/?s={search_term_string}"},"query-input":{"@type":"PropertyValueSpecification","valueRequired":true,"valueName":"search_term_string"}}],"inLanguage":"de"},{"@type":"Person","@id":"https:\/\/www.elcaminodekunig.com\/#\/schema\/person\/010f5d1bd04225a5ac58a7edba5834a3","name":"admin","image":{"@type":"ImageObject","inLanguage":"de","@id":"https:\/\/www.elcaminodekunig.com\/#\/schema\/person\/image\/","url":"https:\/\/secure.gravatar.com\/avatar\/c73f10df0ab040f18cbbfafc259b26c0f4519512834e9c4ffb48a68c0ea4113c?s=96&d=mm&r=g","contentUrl":"https:\/\/secure.gravatar.com\/avatar\/c73f10df0ab040f18cbbfafc259b26c0f4519512834e9c4ffb48a68c0ea4113c?s=96&d=mm&r=g","caption":"admin"},"mainEntityOfPage":{"@id":"https:\/\/www.elcaminodekunig.com\/author\/admin\/"}}]}},"_links":{"self":[{"href":"https:\/\/www.elcaminodekunig.com\/de\/wp-json\/wp\/v2\/users\/1","targetHints":{"allow":["GET"]}}],"collection":[{"href":"https:\/\/www.elcaminodekunig.com\/de\/wp-json\/wp\/v2\/users"}]}}